{"id":2181,"date":"2018-11-20T09:20:26","date_gmt":"2018-11-20T07:20:26","guid":{"rendered":"http:\/\/www.wingertsbergschule-lorsch.de\/?p=2181"},"modified":"2018-11-21T09:21:41","modified_gmt":"2018-11-21T07:21:41","slug":"vorlesetag-2018","status":"publish","type":"post","link":"http:\/\/www.wingertsbergschule-lorsch.de\/?p=2181","title":{"rendered":"Vorlesetag 2018"},"content":{"rendered":"<p><strong><span style=\"font-size: 14pt; font-family: Comic Sans MS, sans-serif; color: #000000;\">Der Bundesweite Vorlesetag 2018<\/span><\/strong><\/p>\n<p><span style=\"font-size: 12pt; font-family: Comic Sans MS, sans-serif; color: #000000;\">Die Wingertsbergschule macht mit beim Bundesweiten Vorlesetag am 16. November 2018. Der Bundesweite Vorlesetag findet in diesem Jahr bereits zum 15. Mal statt! Am 16. November 2018 lesen wieder zahlreiche B\u00fccherfreunde und \u00a0auch Prominente aus ihren Lieblingsb\u00fcchern vor. Mit dabei sind auch diesmal die Lehrerinnen und Lehrer der Wingertsbergschule, sowie einige engagierte Eltern.<\/span><\/p>\n<p><span style=\"font-size: 12pt; font-family: Comic Sans MS, sans-serif; color: #000000;\">Der Bundesweite Vorlesetag gilt als das gr\u00f6\u00dfte Vorlesefest Deutschlands: Die Initiatoren DIE ZEIT, Stiftung Lesen und Deutsche Bahn Stiftung m\u00f6chten Begeisterung f\u00fcr das Lesen und Vorlesen wecken und laden in diesem Jahr bereits zum 15. Mal zu dem Aktionstag f\u00fcr das Vorlesen im November ein. Die Initiatoren verfolgen mit diesem Aktionstag die Idee Kindern noch mehr vorzulesen und dadurch m\u00f6glichst jede und Jeder in Deutschland Spa\u00df? am Lesen bekommt und auch hat.<\/span><\/p>\n<p><span style=\"font-size: 12pt; font-family: Comic Sans MS, sans-serif; color: #000000;\">Die Vorlesestudie von 2017 zeigt: 55 Prozent aller Eltern lesen ihren Kindern in den ersten zw\u00f6lf Monaten nicht regelm\u00e4\u00dfig vor. In 28 Prozent der Familien ist das sogar innerhalb der ersten drei Jahre nicht der Fall. Die Studie zeigt aber auch, dass den befragten Eltern eine gute, vielseitige Bildung ihrer Kinder besonders wichtig ist. Gute Lesef\u00e4higkeit sind 71 Prozent der Eltern besonders wichtig und 91 Prozent der befragten Eltern schreiben dem Vorlesen einen gro\u00dfen bzw. sehr gro\u00dfen Einfluss auf die Entwicklung der Kinder zu.<\/span><\/p>\n<p><span style=\"font-size: 12pt; font-family: Comic Sans MS, sans-serif; color: #000000;\">Ein gutes Drittel der Eltern wei\u00df jedoch nicht genau, wann der richtige Zeitpunkt ist, um mit dem Vorlesen anzufangen. Fast ebenso viele sehen die ausreichende Konzentrationsf\u00e4higkeit ihres Kindes als entscheidende Voraussetzung daf\u00fcr an. Einem Viertel der Eltern, die ihrem Kind bereits im ersten Lebensjahr vorlesen, f\u00e4llt es schwer, die richtige Buchauswahl zu treffen.<\/span><\/p>\n<p><span style=\"font-size: 12pt; font-family: Comic Sans MS, sans-serif; color: #000000;\">Mit dem Ziel des Bundesweiten Vorlesetags: Jeder, der Spa\u00df am Vorlesen hat, liest an diesem Tag anderen vor \u2013 zum Beispiel in Schulen, Kinderg\u00e4rten, Bibliotheken oder Buchhandlungen, aber auch an jedem anderen erdenklichen Ort. Ziel ist es, ein \u00f6ffentliches Zeichen f\u00fcr das Lesen und Vorlesen zu setzen und Kinder bereits fr\u00fch mit Geschichten in Kontakt zu bringen. Denn Lesefreude und Lesekompetenz sind wichtige Grundlagen f\u00fcr einen gelingenden Bildungs- und Lebensweg von Kindern und Jugendlichen. Denn Vorlesen braucht Vorbilder, die Lesefreude vermitteln, Lesekompetenz f\u00f6rdern und sich so f\u00fcr mehr Bildung in Deutschland einsetzen.<\/span><\/p>\n<p><span style=\"font-size: 12pt; font-family: Comic Sans MS, sans-serif; color: #000000;\">In diesem Jahr steht der Vorlesetag erstmals unter einem Motto: Natur und Umwelt. An der Wingertsbergschule aber k\u00f6nnen die Sch\u00fclerinnen und Sch\u00fcler aus einem gro\u00dfen B\u00fccherangebot\u00a0 nach ihren Interessen ausw\u00e4hlen. Von Astrid Lindgren \u00fcber Harry Potter bis hin zu Tiergeschichten reichte das Angebot. Nachdem sich die einzelnen Lesegruppen gefunden hatten, die Lehrer standen mit ihren B\u00fcchern auf dem Hof und erwarteten ihre Zuh\u00f6rer ging es dann zu den entsprechenden R\u00e4umlichkeiten. Gelesen wurde dann in den Klassenr\u00e4umen, der B\u00fccherei, dem IT-Raum, der Lernwerkstatt, dem Musiksaal und im SINUS-Raum in der Zeit von 10:00 Uhr bis 11:25 Uhr. Nat\u00fcrlich wurde nicht nur gelesen sondern auch \u00fcber das Geh\u00f6rte gesprochen, gebastelt und gemalt.<\/span><\/p>\n<p><span style=\"font-size: 12pt; font-family: Comic Sans MS, sans-serif; color: #000000;\">Alle Beteiligte waren \u00fcberrascht \u00fcber die konzentrierte Haltung der Kinder, die das Vorlesen sichtlich genossen. Wahrscheinlich wird diese Aktion einen festen Platz im Jahreskalender der Schule finden. Wieder einmal zeigte sich, dass das gesamte Kollegium sehr flexibel reagieren und innerhalb kurzer Zeit eine solche Veranstaltung auf die Beine stellen kann.<\/span><\/p>\n<p><a href=\"http:\/\/www.wingertsbergschule-lorsch.de\/?attachment_id=2179\" rel=\"attachment wp-att-2179\"><img loading=\"lazy\" class=\"size-medium wp-image-2179 aligncenter\" src=\"http:\/\/www.wingertsbergschule-lorsch.de\/wp-content\/uploads\/2018\/11\/Vorlesetag1-300x300.jpg\" alt=\"\" width=\"300\" height=\"300\" srcset=\"http:\/\/www.wingertsbergschule-lorsch.de\/wp-content\/uploads\/2018\/11\/Vorlesetag1-300x300.jpg 300w, http:\/\/www.wingertsbergschule-lorsch.de\/wp-content\/uploads\/2018\/11\/Vorlesetag1-150x150.jpg 150w, http:\/\/www.wingertsbergschule-lorsch.de\/wp-content\/uploads\/2018\/11\/Vorlesetag1-768x768.jpg 768w, http:\/\/www.wingertsbergschule-lorsch.de\/wp-content\/uploads\/2018\/11\/Vorlesetag1.jpg 1024w\" sizes=\"(max-width: 300px) 100vw, 300px\" \/><\/a> <a href=\"http:\/\/www.wingertsbergschule-lorsch.de\/?attachment_id=2180\" rel=\"attachment wp-att-2180\"><img loading=\"lazy\" class=\"size-medium wp-image-2180 aligncenter\" src=\"http:\/\/www.wingertsbergschule-lorsch.de\/wp-content\/uploads\/2018\/11\/Vorlesetag2-300x300.jpg\" alt=\"\" width=\"300\" height=\"300\" srcset=\"http:\/\/www.wingertsbergschule-lorsch.de\/wp-content\/uploads\/2018\/11\/Vorlesetag2-300x300.jpg 300w, http:\/\/www.wingertsbergschule-lorsch.de\/wp-content\/uploads\/2018\/11\/Vorlesetag2-150x150.jpg 150w, http:\/\/www.wingertsbergschule-lorsch.de\/wp-content\/uploads\/2018\/11\/Vorlesetag2-768x768.jpg 768w, http:\/\/www.wingertsbergschule-lorsch.de\/wp-content\/uploads\/2018\/11\/Vorlesetag2.jpg 1024w\" sizes=\"(max-width: 300px) 100vw, 300px\" \/><\/a><\/p>\n<div class=\"pvc_clear\"><\/div>\n<p id=\"pvc_stats_2181\" class=\"pvc_stats all  \" data-element-id=\"2181\" style=\"\"><i class=\"pvc-stats-icon large\" aria-hidden=\"true\"><svg aria-hidden=\"true\" focusable=\"false\" data-prefix=\"far\" data-icon=\"chart-bar\" role=\"img\" xmlns=\"http:\/\/www.w3.org\/2000\/svg\" viewBox=\"0 0 512 512\" class=\"svg-inline--fa fa-chart-bar fa-w-16 fa-2x\"><path fill=\"currentColor\" d=\"M396.8 352h22.4c6.4 0 12.8-6.4 12.8-12.8V108.8c0-6.4-6.4-12.8-12.8-12.8h-22.4c-6.4 0-12.8 6.4-12.8 12.8v230.4c0 6.4 6.4 12.8 12.8 12.8zm-192 0h22.4c6.4 0 12.8-6.4 12.8-12.8V140.8c0-6.4-6.4-12.8-12.8-12.8h-22.4c-6.4 0-12.8 6.4-12.8 12.8v198.4c0 6.4 6.4 12.8 12.8 12.8zm96 0h22.4c6.4 0 12.8-6.4 12.8-12.8V204.8c0-6.4-6.4-12.8-12.8-12.8h-22.4c-6.4 0-12.8 6.4-12.8 12.8v134.4c0 6.4 6.4 12.8 12.8 12.8zM496 400H48V80c0-8.84-7.16-16-16-16H16C7.16 64 0 71.16 0 80v336c0 17.67 14.33 32 32 32h464c8.84 0 16-7.16 16-16v-16c0-8.84-7.16-16-16-16zm-387.2-48h22.4c6.4 0 12.8-6.4 12.8-12.8v-70.4c0-6.4-6.4-12.8-12.8-12.8h-22.4c-6.4 0-12.8 6.4-12.8 12.8v70.4c0 6.4 6.4 12.8 12.8 12.8z\" class=\"\"><\/path><\/svg><\/i> <img loading=\"lazy\" width=\"16\" height=\"16\" alt=\"Loading\" src=\"http:\/\/www.wingertsbergschule-lorsch.de\/wp-content\/plugins\/page-views-count\/ajax-loader-2x.gif\" border=0 \/><\/p>\n<div class=\"pvc_clear\"><\/div>\n","protected":false},"excerpt":{"rendered":"<p>Der Bundesweite Vorlesetag 2018 Die Wingertsbergschule macht mit beim Bundesweiten Vorlesetag am 16. November 2018. Der Bundesweite Vorlesetag findet in diesem Jahr bereits zum 15. Mal statt! Am 16. November 2018 lesen wieder zahlreiche B\u00fccherfreunde und \u00a0auch Prominente aus ihren Lieblingsb\u00fcchern vor. Mit dabei sind auch diesmal die Lehrerinnen und Lehrer der Wingertsbergschule, sowie einige [&hellip;]<\/p>\n<div class=\"pvc_clear\"><\/div>\n<p id=\"pvc_stats_2181\" class=\"pvc_stats all  \" data-element-id=\"2181\" style=\"\"><i class=\"pvc-stats-icon large\" aria-hidden=\"true\"><svg aria-hidden=\"true\" focusable=\"false\" data-prefix=\"far\" data-icon=\"chart-bar\" role=\"img\" xmlns=\"http:\/\/www.w3.org\/2000\/svg\" viewBox=\"0 0 512 512\" class=\"svg-inline--fa fa-chart-bar fa-w-16 fa-2x\"><path fill=\"currentColor\" d=\"M396.8 352h22.4c6.4 0 12.8-6.4 12.8-12.8V108.8c0-6.4-6.4-12.8-12.8-12.8h-22.4c-6.4 0-12.8 6.4-12.8 12.8v230.4c0 6.4 6.4 12.8 12.8 12.8zm-192 0h22.4c6.4 0 12.8-6.4 12.8-12.8V140.8c0-6.4-6.4-12.8-12.8-12.8h-22.4c-6.4 0-12.8 6.4-12.8 12.8v198.4c0 6.4 6.4 12.8 12.8 12.8zm96 0h22.4c6.4 0 12.8-6.4 12.8-12.8V204.8c0-6.4-6.4-12.8-12.8-12.8h-22.4c-6.4 0-12.8 6.4-12.8 12.8v134.4c0 6.4 6.4 12.8 12.8 12.8zM496 400H48V80c0-8.84-7.16-16-16-16H16C7.16 64 0 71.16 0 80v336c0 17.67 14.33 32 32 32h464c8.84 0 16-7.16 16-16v-16c0-8.84-7.16-16-16-16zm-387.2-48h22.4c6.4 0 12.8-6.4 12.8-12.8v-70.4c0-6.4-6.4-12.8-12.8-12.8h-22.4c-6.4 0-12.8 6.4-12.8 12.8v70.4c0 6.4 6.4 12.8 12.8 12.8z\" class=\"\"><\/path><\/svg><\/i> <img loading=\"lazy\" width=\"16\" height=\"16\" alt=\"Loading\" src=\"http:\/\/www.wingertsbergschule-lorsch.de\/wp-content\/plugins\/page-views-count\/ajax-loader-2x.gif\" border=0 \/><\/p>\n<div class=\"pvc_clear\"><\/div>\n","protected":false},"author":1,"featured_media":0,"comment_status":"closed","ping_status":"closed","sticky":false,"template":"","format":"image","meta":[],"categories":[11,1,10],"tags":[],"_links":{"self":[{"href":"http:\/\/www.wingertsbergschule-lorsch.de\/index.php?rest_route=\/wp\/v2\/posts\/2181"}],"collection":[{"href":"http:\/\/www.wingertsbergschule-lorsch.de\/index.php?rest_route=\/wp\/v2\/posts"}],"about":[{"href":"http:\/\/www.wingertsbergschule-lorsch.de\/index.php?rest_route=\/wp\/v2\/types\/post"}],"author":[{"embeddable":true,"href":"http:\/\/www.wingertsbergschule-lorsch.de\/index.php?rest_route=\/wp\/v2\/users\/1"}],"replies":[{"embeddable":true,"href":"http:\/\/www.wingertsbergschule-lorsch.de\/index.php?rest_route=%2Fwp%2Fv2%2Fcomments&post=2181"}],"version-history":[{"count":3,"href":"http:\/\/www.wingertsbergschule-lorsch.de\/index.php?rest_route=\/wp\/v2\/posts\/2181\/revisions"}],"predecessor-version":[{"id":2184,"href":"http:\/\/www.wingertsbergschule-lorsch.de\/index.php?rest_route=\/wp\/v2\/posts\/2181\/revisions\/2184"}],"wp:attachment":[{"href":"http:\/\/www.wingertsbergschule-lorsch.de\/index.php?rest_route=%2Fwp%2Fv2%2Fmedia&parent=2181"}],"wp:term":[{"taxonomy":"category","embeddable":true,"href":"http:\/\/www.wingertsbergschule-lorsch.de\/index.php?rest_route=%2Fwp%2Fv2%2Fcategories&post=2181"},{"taxonomy":"post_tag","embeddable":true,"href":"http:\/\/www.wingertsbergschule-lorsch.de\/index.php?rest_route=%2Fwp%2Fv2%2Ftags&post=2181"}],"curies":[{"name":"wp","href":"https:\/\/api.w.org\/{rel}","templated":true}]}}