{"id":856,"date":"2015-10-04T17:40:29","date_gmt":"2015-10-04T15:40:29","guid":{"rendered":"http:\/\/www.wingertsbergschule-lorsch.de\/?p=856"},"modified":"2015-10-04T17:42:10","modified_gmt":"2015-10-04T15:42:10","slug":"internationales-erzaehlfest","status":"publish","type":"post","link":"http:\/\/www.wingertsbergschule-lorsch.de\/?p=856","title":{"rendered":"Internationales Erz\u00e4hlfest"},"content":{"rendered":"<p style=\"text-align: justify;\"><span style=\"font-family: Comic Sans MS,sans-serif; font-size: 12pt; color: #000000;\">Internationales Erz\u00e4hlfest macht halt in der Wingertsbergschule<\/span><\/p>\n<p style=\"text-align: justify;\"><span style=\"font-family: Comic Sans MS,sans-serif; font-size: 12pt; color: #000000;\">Am 22. \u2013 23.09. kamen die Sch\u00fcler des ersten, zweiten und vierten Jahrgangs in den Genuss am sechsten Erz\u00e4hlfest der Metropolregion Rhein Main teilnehmen zu k\u00f6nnen. F\u00fcr die Sch\u00fcler des zweiten Jahrgangs war ein Erz\u00e4hlzelt aufgebaut. Zum Auftakt stand das rote Erz\u00e4hlzelt am 22. September am Kindergarten St Nazarius. Die Luxemburger Theaterp\u00e4dagogin Betsy Dentzer und ihr deutscher Kollege Andr\u00e9 W\u00fclfing konnten die Kinder in die faszinierende Welt des m\u00fcndlichen Erz\u00e4hlens entf\u00fchren. Auf Teppichen und Kissen sitzend lauschten die Kinder den endlos verschlungenen Pfaden der M\u00e4rchen und Mythen. F\u00fcr die Sch\u00fcler des ersten Jahrgangs \u00f6ffnete Nazli Cecik, freischaffende Theater- und Tanzp\u00e4dagogin ist T\u00fcrkin und lebt in Berlin und Istanbul, ihre M\u00e4rchen Kiste und zog die Kinder mit den Erlebnissen des Fuchses \u201eKratzefu\u00df\u201c in ihren Bann. Geschickt konnte die Erz\u00e4hlerin die Kinder bei Laune halten, denn durch Bewegungen und Ger\u00e4usche, die gemeinsam an den entsprechenden Stellen der Geschichte eingestreut wurden, waren die Kinder total konzentriert. Markus Hoffmeister, Theaterp\u00e4dagoge und Musiker, entf\u00fchrte den vierten Jahrgang mit seiner Geschichte von \u201eAdjoa \u2013 K\u00f6nigin der Trommel\u201c nach Afrika. Toll dabei war, dass f\u00fcr jedes Kind eine Trommel zur Verf\u00fcgung stand und er gemeinsam mit den Kindern Trommelrhythmen einstreute und die Geschichte lebendig werden lie\u00df. Das gemeinsame Trommeln l\u00f6ste die Rolle des Zuh\u00f6rers auf und f\u00fchrte zu einer aktiven Beteiligung in der Geschichte. Man sp\u00fcrte f\u00f6rmlich die Kraft der Trommelschl\u00e4ge und Rhythmen in der Nibelungenhalle.<\/span><\/p>\n<p style=\"text-align: justify;\"><span style=\"font-family: Comic Sans MS,sans-serif; font-size: 12pt; color: #000000;\">Hier nun einige Impressionen von diesen Veranstaltungen:<\/span><\/p>\n<p style=\"text-align: justify;\"><a href=\"http:\/\/www.wingertsbergschule-lorsch.de\/wp-content\/uploads\/2015\/10\/P1050065.jpg\"><img loading=\"lazy\" class=\"size-medium wp-image-862 aligncenter\" src=\"http:\/\/www.wingertsbergschule-lorsch.de\/wp-content\/uploads\/2015\/10\/P1050065-300x225.jpg\" alt=\"P1050065\" width=\"300\" height=\"225\" \/><\/a> <a href=\"http:\/\/www.wingertsbergschule-lorsch.de\/wp-content\/uploads\/2015\/10\/P1050054.jpg\"><img loading=\"lazy\" class=\"size-medium wp-image-861 aligncenter\" src=\"http:\/\/www.wingertsbergschule-lorsch.de\/wp-content\/uploads\/2015\/10\/P1050054-225x300.jpg\" alt=\"P1050054\" width=\"225\" height=\"300\" \/><\/a> <a href=\"http:\/\/www.wingertsbergschule-lorsch.de\/wp-content\/uploads\/2015\/10\/P1050049.jpg\"><img loading=\"lazy\" class=\"size-medium wp-image-860 aligncenter\" src=\"http:\/\/www.wingertsbergschule-lorsch.de\/wp-content\/uploads\/2015\/10\/P1050049-300x225.jpg\" alt=\"P1050049\" width=\"300\" height=\"225\" \/><\/a> <a href=\"http:\/\/www.wingertsbergschule-lorsch.de\/wp-content\/uploads\/2015\/10\/P1050060.jpg\"><img loading=\"lazy\" class=\"size-medium wp-image-859 aligncenter\" src=\"http:\/\/www.wingertsbergschule-lorsch.de\/wp-content\/uploads\/2015\/10\/P1050060-300x225.jpg\" alt=\"P1050060\" width=\"300\" height=\"225\" \/><\/a> <a href=\"http:\/\/www.wingertsbergschule-lorsch.de\/wp-content\/uploads\/2015\/10\/P1050066.jpg\"><img loading=\"lazy\" class=\"size-medium wp-image-858 aligncenter\" src=\"http:\/\/www.wingertsbergschule-lorsch.de\/wp-content\/uploads\/2015\/10\/P1050066-300x225.jpg\" alt=\"P1050066\" width=\"300\" height=\"225\" \/><\/a><\/p>\n<div class=\"pvc_clear\"><\/div>\n<p id=\"pvc_stats_856\" class=\"pvc_stats all  \" data-element-id=\"856\" style=\"\"><i class=\"pvc-stats-icon large\" aria-hidden=\"true\"><svg aria-hidden=\"true\" focusable=\"false\" data-prefix=\"far\" data-icon=\"chart-bar\" role=\"img\" xmlns=\"http:\/\/www.w3.org\/2000\/svg\" viewBox=\"0 0 512 512\" class=\"svg-inline--fa fa-chart-bar fa-w-16 fa-2x\"><path fill=\"currentColor\" d=\"M396.8 352h22.4c6.4 0 12.8-6.4 12.8-12.8V108.8c0-6.4-6.4-12.8-12.8-12.8h-22.4c-6.4 0-12.8 6.4-12.8 12.8v230.4c0 6.4 6.4 12.8 12.8 12.8zm-192 0h22.4c6.4 0 12.8-6.4 12.8-12.8V140.8c0-6.4-6.4-12.8-12.8-12.8h-22.4c-6.4 0-12.8 6.4-12.8 12.8v198.4c0 6.4 6.4 12.8 12.8 12.8zm96 0h22.4c6.4 0 12.8-6.4 12.8-12.8V204.8c0-6.4-6.4-12.8-12.8-12.8h-22.4c-6.4 0-12.8 6.4-12.8 12.8v134.4c0 6.4 6.4 12.8 12.8 12.8zM496 400H48V80c0-8.84-7.16-16-16-16H16C7.16 64 0 71.16 0 80v336c0 17.67 14.33 32 32 32h464c8.84 0 16-7.16 16-16v-16c0-8.84-7.16-16-16-16zm-387.2-48h22.4c6.4 0 12.8-6.4 12.8-12.8v-70.4c0-6.4-6.4-12.8-12.8-12.8h-22.4c-6.4 0-12.8 6.4-12.8 12.8v70.4c0 6.4 6.4 12.8 12.8 12.8z\" class=\"\"><\/path><\/svg><\/i> <img loading=\"lazy\" width=\"16\" height=\"16\" alt=\"Loading\" src=\"http:\/\/www.wingertsbergschule-lorsch.de\/wp-content\/plugins\/page-views-count\/ajax-loader-2x.gif\" border=0 \/><\/p>\n<div class=\"pvc_clear\"><\/div>\n","protected":false},"excerpt":{"rendered":"<p>Internationales Erz\u00e4hlfest macht halt in der Wingertsbergschule Am 22. \u2013 23.09. kamen die Sch\u00fcler des ersten, zweiten und vierten Jahrgangs in den Genuss am sechsten Erz\u00e4hlfest der Metropolregion Rhein Main teilnehmen zu k\u00f6nnen. F\u00fcr die Sch\u00fcler des zweiten Jahrgangs war ein Erz\u00e4hlzelt aufgebaut. Zum Auftakt stand das rote Erz\u00e4hlzelt am 22. September am Kindergarten St [&hellip;]<\/p>\n<div class=\"pvc_clear\"><\/div>\n<p id=\"pvc_stats_856\" class=\"pvc_stats all  \" data-element-id=\"856\" style=\"\"><i class=\"pvc-stats-icon large\" aria-hidden=\"true\"><svg aria-hidden=\"true\" focusable=\"false\" data-prefix=\"far\" data-icon=\"chart-bar\" role=\"img\" xmlns=\"http:\/\/www.w3.org\/2000\/svg\" viewBox=\"0 0 512 512\" class=\"svg-inline--fa fa-chart-bar fa-w-16 fa-2x\"><path fill=\"currentColor\" d=\"M396.8 352h22.4c6.4 0 12.8-6.4 12.8-12.8V108.8c0-6.4-6.4-12.8-12.8-12.8h-22.4c-6.4 0-12.8 6.4-12.8 12.8v230.4c0 6.4 6.4 12.8 12.8 12.8zm-192 0h22.4c6.4 0 12.8-6.4 12.8-12.8V140.8c0-6.4-6.4-12.8-12.8-12.8h-22.4c-6.4 0-12.8 6.4-12.8 12.8v198.4c0 6.4 6.4 12.8 12.8 12.8zm96 0h22.4c6.4 0 12.8-6.4 12.8-12.8V204.8c0-6.4-6.4-12.8-12.8-12.8h-22.4c-6.4 0-12.8 6.4-12.8 12.8v134.4c0 6.4 6.4 12.8 12.8 12.8zM496 400H48V80c0-8.84-7.16-16-16-16H16C7.16 64 0 71.16 0 80v336c0 17.67 14.33 32 32 32h464c8.84 0 16-7.16 16-16v-16c0-8.84-7.16-16-16-16zm-387.2-48h22.4c6.4 0 12.8-6.4 12.8-12.8v-70.4c0-6.4-6.4-12.8-12.8-12.8h-22.4c-6.4 0-12.8 6.4-12.8 12.8v70.4c0 6.4 6.4 12.8 12.8 12.8z\" class=\"\"><\/path><\/svg><\/i> <img loading=\"lazy\" width=\"16\" height=\"16\" alt=\"Loading\" src=\"http:\/\/www.wingertsbergschule-lorsch.de\/wp-content\/plugins\/page-views-count\/ajax-loader-2x.gif\" border=0 \/><\/p>\n<div class=\"pvc_clear\"><\/div>\n","protected":false},"author":1,"featured_media":0,"comment_status":"closed","ping_status":"closed","sticky":false,"template":"","format":"image","meta":[],"categories":[1],"tags":[],"_links":{"self":[{"href":"http:\/\/www.wingertsbergschule-lorsch.de\/index.php?rest_route=\/wp\/v2\/posts\/856"}],"collection":[{"href":"http:\/\/www.wingertsbergschule-lorsch.de\/index.php?rest_route=\/wp\/v2\/posts"}],"about":[{"href":"http:\/\/www.wingertsbergschule-lorsch.de\/index.php?rest_route=\/wp\/v2\/types\/post"}],"author":[{"embeddable":true,"href":"http:\/\/www.wingertsbergschule-lorsch.de\/index.php?rest_route=\/wp\/v2\/users\/1"}],"replies":[{"embeddable":true,"href":"http:\/\/www.wingertsbergschule-lorsch.de\/index.php?rest_route=%2Fwp%2Fv2%2Fcomments&post=856"}],"version-history":[{"count":3,"href":"http:\/\/www.wingertsbergschule-lorsch.de\/index.php?rest_route=\/wp\/v2\/posts\/856\/revisions"}],"predecessor-version":[{"id":864,"href":"http:\/\/www.wingertsbergschule-lorsch.de\/index.php?rest_route=\/wp\/v2\/posts\/856\/revisions\/864"}],"wp:attachment":[{"href":"http:\/\/www.wingertsbergschule-lorsch.de\/index.php?rest_route=%2Fwp%2Fv2%2Fmedia&parent=856"}],"wp:term":[{"taxonomy":"category","embeddable":true,"href":"http:\/\/www.wingertsbergschule-lorsch.de\/index.php?rest_route=%2Fwp%2Fv2%2Fcategories&post=856"},{"taxonomy":"post_tag","embeddable":true,"href":"http:\/\/www.wingertsbergschule-lorsch.de\/index.php?rest_route=%2Fwp%2Fv2%2Ftags&post=856"}],"curies":[{"name":"wp","href":"https:\/\/api.w.org\/{rel}","templated":true}]}}